{"id":2195,"date":"2025-08-01T14:47:03","date_gmt":"2025-08-01T12:47:03","guid":{"rendered":"https:\/\/drottningblanka.se\/varberg\/?post_type=article&#038;p=2195"},"modified":"2025-08-20T12:40:38","modified_gmt":"2025-08-20T10:40:38","slug":"vi-blir-varbergs-enskilda-gymnasieskola","status":"publish","type":"article","link":"https:\/\/drottningblanka.se\/varberg\/nyheter\/vi-blir-varbergs-enskilda-gymnasieskola\/","title":{"rendered":"Vi blir Varbergs Enskilda Gymnasieskola"},"content":{"rendered":"\n<div class=\"wp-block-columns is-layout-flex wp-container-core-columns-layout-1 wp-block-columns-is-layout-flex\">\n<div class=\"wp-block-column is-layout-flow wp-block-column-is-layout-flow\" style=\"flex-basis:20%\"><\/div>\n\n\n\n<div class=\"wp-block-column is-layout-flow wp-block-column-is-layout-flow\" style=\"flex-basis:60%\">\t<div\n\t\t class=\"container images-module\" >\n\t\t<div class=\"row\">\n\t\t\t<div\n\t\t\t\t\tclass=\"col-12 p-0 position-relative images_module__slideshow images_module__slideshow-container \">\n\t\t\t\t<div class=\"images_module__slide\" data-slide=\"\"\n\t\t\t\t\t data-duration=\"\"><\/div>\n\t\t\t\t\t\t\t\t\t<div\n\t\t\t\t\t\t class=\"images_module__slides \">\n\n\n\t\t\t\t\t\t<div class=\"images__wrapper\" style=\"aspect-ratio: 1200 \/ 531;\">\n\t\t\t\t\t\t\t<img decoding=\"async\" width=\"686\" height=\"580\" src=\"https:\/\/drottningblanka.se\/wp-content\/uploads\/sites\/35\/2025\/04\/veg01.png\" class=\"images__image_ratio  \" alt=\"Logotyp f\u00f6r Varbergs Enskilda Gymnasieskola\" style=\"aspect-ratio: 1200 \/ 531;object-position: center center;\" srcset=\"https:\/\/drottningblanka.se\/wp-content\/uploads\/sites\/35\/2025\/04\/veg01.png 686w, https:\/\/drottningblanka.se\/wp-content\/uploads\/sites\/35\/2025\/04\/veg01-300x254.png 300w, https:\/\/drottningblanka.se\/wp-content\/uploads\/sites\/35\/2025\/04\/veg01-400x338.png 400w, https:\/\/drottningblanka.se\/wp-content\/uploads\/sites\/35\/2025\/04\/veg01-600x507.png 600w\" sizes=\"(max-width: 686px) 100vw, 686px\" \/>\t\t\t\t\t\t<\/div>\n\n\t\t\t\t\t\t\n\n\t\t\t\t\t\t\t\t\t\t\t<\/div>\n\t\t\t\t\n\t\t\t\t<div class=\"images_module__container_dot\">\n\t\t\t\t\t<div style=\"text-align:center\">\n\t\t\t\t\t\t\t\t\t\t\t\t\t<span   data-i=\"0\"\n\t\t\t\t\t\t\t\t  class=\"\n\t\t\t\t\t\t\timages_module__dot\n\t\t\t\t\t\t\t\t\t\t\t\t\t\t\"\n\t\t\t\t\t\t\t><\/span>\n\t\t\t\t\t\t\t\t\t\t\t<\/div>\n\t\t\t\t<\/div>\n\n\t\t\t<\/div>\n\t\t<\/div>\n\t<\/div>\n\t\n\n\n<script>\n\tvar images_display_descriptive_text = \"\";\n<\/script>\n\n\n\t\n\t<h1\n\t\n\tclass=\"\n\tc-heading c-heading--icon\n\tu-font-title-1\n\t\n\t\n\t\n\tc-heading--left\n\tc-heading--left@md\n\t\"\n\tdata-color-scheme=\"\"\n\tstyle=\"\">\n\t\t\t\t\t<span class=\"text\">Vi blir Varbergs Enskilda Gymnasieskola<\/span>\n\t\t\t<\/h1>\n\n\n\n<p><strong>Inf\u00f6r h\u00f6stterminen 2025 g\u00e5r vi samman med LBS Kreativa Gymnasiet i Varberg och byter namn till Varbergs Enskilda Gymnasieskola. Namnbytet markerar en sp\u00e4nnande nystart f\u00f6r v\u00e5ra tv\u00e5 skolor, som sedan ett \u00e5r tillbaka redan delar lokaler p\u00e5 Tr\u00e4sl\u00f6vsv\u00e4gen i centrala Varberg.<\/strong><\/p>\n\n\n\n<h2 class=\"wp-block-heading\">St\u00e4rker v\u00e5r samh\u00f6righet och vision<\/h2>\n\n\n\n<p>\u2013 Vi ser fram emot denna nya fas, d\u00e4r ett gemensamt namn st\u00e4rker v\u00e5r samh\u00f6righet och tydligg\u00f6r v\u00e5r gemensamma vision. F\u00f6r v\u00e5ra elever inneb\u00e4r det inga st\u00f6rre f\u00f6r\u00e4ndringar \u2013 vi forts\u00e4tter att vara en skola d\u00e4r varje elev blir sedd, utmanad och inspirerad, med h\u00f6g kvalitet i undervisningen, s\u00e4ger Rosa Aarnes som \u00e4r rektor f\u00f6r verksamheten.<\/p>\n\n\n\n<h2 class=\"wp-block-heading\">Varje relation r\u00e4knas<\/h2>\n\n\n\n<p>Under det nya namnet kommer vi att arbeta utefter devisen&nbsp;<em>Varje relation r\u00e4knas<\/em>&nbsp;och forts\u00e4tta vara ett alternativ f\u00f6r den som vill g\u00e5 p\u00e5 en mindre gymnasieskola i Varberg.<\/p>\n\n\n\n<div style=\"height:30px\" aria-hidden=\"true\" class=\"wp-block-spacer\"><\/div>\n\n\n\n\t<style>\n\t\t.inner {\n\n\t\t\tmargin: 0 auto;\n\n\n\t\t}\n\t<\/style>\n\t<div\n\t\t class=\"container images-module\" >\n\t\t<div class=\"row images_module__slideshow\">\n\n\t\t\t<div\n\t\t\t\t\tclass=\"col-md-12 p-0 position-relative images_module__slideshow images_module__slideshow-container  \">\n\t\t\t\t<div class=\"images_module__slide\" data-slide=\"\"\n\t\t\t\t\t data-duration=\"\"><\/div>\n\t\t\t\t\t\t\t\t\t<div\n\t\t\t\t\t\t class=\"images_module__slides\n\n\t\t\t\t\t   \"\n\t\t\t\t\t>\n\n\t\t\t\t\t\t<div class=\"images__wrapper\" style=\"aspect-ratio: 851 \/ 851;\">\n\t\t\t\t\t\t\t<img decoding=\"async\" width=\"474\" height=\"614\" src=\"https:\/\/drottningblanka.se\/wp-content\/uploads\/sites\/35\/2025\/04\/vegvarje-relation.png\" class=\"images__image_ratio  \" alt=\"Text som s\u00e4ger &quot;varje relation r\u00e4knas&quot;\" style=\"aspect-ratio: 851 \/ 851;object-position: center center;\" srcset=\"https:\/\/drottningblanka.se\/wp-content\/uploads\/sites\/35\/2025\/04\/vegvarje-relation.png 474w, https:\/\/drottningblanka.se\/wp-content\/uploads\/sites\/35\/2025\/04\/vegvarje-relation-300x389.png 300w, https:\/\/drottningblanka.se\/wp-content\/uploads\/sites\/35\/2025\/04\/vegvarje-relation-400x518.png 400w\" sizes=\"(max-width: 474px) 100vw, 474px\" \/>\t\t\t\t\t\t<\/div>\n\t\t\t\t\t\t\n\n\t\t\t\t\t\t\t\t\t\t\t<\/div>\n\t\t\t\t\n\t\t\t\t<div class=\"images_module__container_dot\">\n\t\t\t\t\t<div style=\"text-align:center\">\n\n\n\t\t\t\t\t\t\t\t\t\t\t\t\t<span   data-i=\"0\"\n\t\t\t\t\t\t\t\t  class=\"\n\t\t\t\t\t\t\timages_module__dot\n\t\t\t\t\t\t\t\t\t\t\t\t\t\t\"\n\t\t\t\t\t\t\t><\/span>\n\t\t\t\t\t\t\t\t\t\t\t<\/div>\n\t\t\t\t<\/div>\n\n\n\t\t\t<\/div>\n\t\t<\/div>\n\t<\/div>\n\n\t\n\n\n<script>\n\tvar images_display_descriptive_text = \"\";\n<\/script>\n\n\n\n<h2 class=\"wp-block-heading\">Program p\u00e5 Varbergs Enskilda Gymnasieskola<\/h2>\n\n\n\n<p>Skolan kommer att erbjuda fem nationella program:&nbsp;<\/p>\n\n\n\n<ul>\n<li><strong>Ekonomiprogrammet<\/strong>, med inriktningarna juridik och ekonomi<\/li>\n\n\n\n<li><strong>Estetiska programmet<\/strong>, inriktning bild och formgivning<\/li>\n\n\n\n<li><strong>Fris\u00f6r- och stylistprogrammet<\/strong>, inriktning h\u00e5r- och makeupstylist<\/li>\n\n\n\n<li><strong>Samh\u00e4llsvetenskapsprogrammet<\/strong>, inriktning beteendevetenskap<\/li>\n\n\n\n<li><strong>V\u00e5rd och omsorgsprogrammet<\/strong><\/li>\n<\/ul>\n\n\n\n<p>\u2013 Det som g\u00f6r oss unika \u00e4r att vi, trots att vi \u00e4r en mindre gymnasieskola, kan erbjuda b\u00e5de teoretiska, kreativa och yrkesf\u00f6rberedande utbildningar. V\u00e5r styrka ligger i de n\u00e4ra relationerna mellan elever och l\u00e4rare, s\u00e4ger Rosa Aarnes.<\/p>\n\n\n\n<h2 class=\"wp-block-heading\">\u00d6ppet hus p\u00e5 Varbergs Enskilda Gymnasieskola<\/h2>\n\n\n\n<p>Intresserade \u00e4r v\u00e4lkomna att bes\u00f6ka skolan n\u00e4r de har \u00f6ppet hus f\u00f6r allm\u00e4nheten torsdagen 24 april klockan 17-19.<\/p>\n\n\n\n<h2 class=\"wp-block-heading\">Vill du veta mer?<\/h2>\n\n\n\n<p>Mer information finns p\u00e5 den nya hemsidan <a href=\"https:\/\/varbergsenskilda.se\/\" target=\"_blank\" rel=\"noreferrer noopener\">varbergsenskilda.se<\/a>.<br><br><strong>Eller kontakta<\/strong>:<br>Rosa Aarnes, Rektor LBS Kreativa Gymnasiet och Drottning Blanka Varberg<br>rose-marie.aarnes@lbs.se<br><br>Charlotta Hayward, Skolchef Drottning Blankas gymnasieskolor<br>charlotta.hayward@academedia.se<\/p>\n<\/div>\n\n\n\n<div class=\"wp-block-column is-layout-flow wp-block-column-is-layout-flow\" style=\"flex-basis:20%\"><\/div>\n<\/div>\n\n\n\n\n\n<section  class=\"ams-article c-block l-stacked js-load-more\" data-color-scheme=\"bakgrund-hover-standard_standard\" data-count=\"3\" data-count-mobile=\"3\">\n\t<div class=\"l-container l-stack l-stack-fluid-2xl u-pt-fluid-3xl-6xl u-pb-fluid-3xl-6xl is-center is-center@md\">\n\t\t\t\t\t<div class=\"ams-article__intro l-stack l-stack-lg\">\n\t\t\t\t\t\n\t<h2\n\tclass=\"c-heading u-font-title-1 \"\n\tstyle=\"\">\n\t\t\n\t\t\t\t\tNyheter\n\t\t\t\t\n\t<\/h2>\n\n\t\t\t\t\t\t\t<\/div>\n\t\t\n\t\t\t\n\t    \n\t\n\t<ul id=\"ams-article-list-69f566cb28834\" class=\"ams-article__list l-grid u-gap-2xl u-justify-center js-results \" aria-label=\"Artiklar\" data-filter-animation=\"off\">\n\t\t\t\t\t\t\t\t\t\t\t\t\t\t\t\t\t\n\t\t\t\n\t\t\t\n\t\t\t<li class=\"l-col-6@md l-col-4@lg \" data-filter=\"nyheter augusti-2025\">\n\t\t\t\t<article class=\"c-card  has-media-zoom  \" data-variant=\"simple\" data-style=\"square\" data-click-area>\n\t\t\t\t\t<div class=\"c-card__content l-stack l-stack-sm\">\n\n\t\t\t\t\t\t\t\t\t\t\t\t\t<time class=\"c-card__date u-font-small\" datetime=\"2025-08-01\">1 augusti 2025<\/time>\n\t\t\t\t\t\t\n\t\t\t\t\t\t\t\t\t\t\t\t\t<h3 class=\"c-card__title u-font-title-3\">\n\t\t\t\t\t\t\t\t\t\t\t\t\t\t\t\t\t<a class=\"c-card__link\" href=\"https:\/\/drottningblanka.se\/varberg\/nyheter\/vi-blir-varbergs-enskilda-gymnasieskola\/\">\n\t\t\t\t\t\t\t\t\t\tNytt namn, samma engagemang\n\t\t\t\t\t\t\t\t\t<\/a>\n\t\t\t\t\t\t\t\t\t\t\t\t\t\t\t<\/h3>\n\t\t\t\t\t\t\n\t\t\t\t\t\t\t\t\t\t\t\t\t<p class=\"c-card__text l-stack-xs u-font-body\">\n\t\t\t\t\t\t\t\tVi byter namn till Varbergs Enskilda Gymnasieskola!\n\t\t\t\t\t\t\t<\/p>\n\t\t\t\t\t\t\n\t\t\t\t\t\t\t\t\t\t\t\t\t<ul class=\"c-card__tags l-stack-grow u-list-none u-pt-md\" aria-label=\"Kategorier\">\n\t\t\t\t\t\t\t\t\t\t\t\t\t\t\t\t\t<li><span class=\"c-tag\" data-variant=\"outline\">Nyheter<\/span><\/li>\n\t\t\t\t\t\t\t\t\t\t\t\t\t\t\t<\/ul>\n\t\t\t\t\t\t\n\t\t\t\t\t\t<div class=\"c-card__icon\">\n\t\t\t\t\t\t\t\t\t\t\t\t\t\t<svg class=\"ams-icon ams-icon--arrow-right\" width=\"32\" height=\"32\" viewbox=\"0 0 32 32\" fill=\"currentColor\" aria-hidden=\"true\" xmlns=\"http:\/\/www.w3.org\/2000\/svg\">\n\t\t\t\t\t\t\t\t\t\t\t\t\t\t\t\t<path d=\"M15.4617 0.252159L14.9567 0.75931C14.6219 1.09545 14.6219 1.64048 14.9567 1.97669L27.7062 14.7806H0.857144C0.383786 14.7806 0 15.166 0 15.6414V16.3587C0 16.8341 0.383786 17.2195 0.857144 17.2195H27.7062L14.9567 30.0234C14.6219 30.3595 14.6219 30.9045 14.9567 31.2407L15.4617 31.7479C15.7964 32.084 16.3392 32.084 16.6739 31.7479L31.749 16.6087C32.0837 16.2725 32.0837 15.7275 31.749 15.3913L16.6739 0.252159C16.3392 -0.084053 15.7964 -0.084053 15.4617 0.252159Z\"\/>\n\t\t\t\t\t\t\t\n\t\t\t\t\t\t\t<\/svg>\n\t\t\t\t\t\t<\/div>\n\t\t\t\t\t<\/div>\n\n\t\t\t\t\t<div class=\"c-card__media \" style=\" \">\n\t\t\t\t\t\t<img decoding=\"async\" width=\"400\" height=\"338\" src=\"https:\/\/drottningblanka.se\/wp-content\/uploads\/sites\/35\/2025\/04\/veg01-400x338.png\" class=\"attachment-sm size-sm\" alt=\"Logotyp f\u00f6r Varbergs Enskilda Gymnasieskola\" sizes=\"(min-width: 64em) 300px, (min-width: 48em) calc(.50 * (100vw - 224px)), calc(100vw - 160px)\" srcset=\"https:\/\/drottningblanka.se\/wp-content\/uploads\/sites\/35\/2025\/04\/veg01-400x338.png 400w, https:\/\/drottningblanka.se\/wp-content\/uploads\/sites\/35\/2025\/04\/veg01-300x254.png 300w, https:\/\/drottningblanka.se\/wp-content\/uploads\/sites\/35\/2025\/04\/veg01-600x507.png 600w, https:\/\/drottningblanka.se\/wp-content\/uploads\/sites\/35\/2025\/04\/veg01.png 686w\" \/>\n\t\t\t\t\t<\/div>\n\t\t\t\t<\/article>\n\t\t\t<\/li>\n\t\t\t\t\t\t\t\t\t\t\t\t\t\t\t\t\t\n\t\t\t\n\t\t\t\n\t\t\t<li class=\"l-col-6@md l-col-4@lg \" data-filter=\"nyheter juli-2024\">\n\t\t\t\t<article class=\"c-card  has-media-zoom  \" data-variant=\"simple\" data-style=\"square\" data-click-area>\n\t\t\t\t\t<div class=\"c-card__content l-stack l-stack-sm\">\n\n\t\t\t\t\t\t\t\t\t\t\t\t\t<time class=\"c-card__date u-font-small\" datetime=\"2024-07-03\">3 juli 2024<\/time>\n\t\t\t\t\t\t\n\t\t\t\t\t\t\t\t\t\t\t\t\t<h3 class=\"c-card__title u-font-title-3\">\n\t\t\t\t\t\t\t\t\t\t\t\t\t\t\t\t\t<a class=\"c-card__link\" href=\"https:\/\/drottningblanka.se\/varberg\/nyheter\/dbgy-varberg-flyttar-ht-2024\/\">\n\t\t\t\t\t\t\t\t\t\tDBGY Varberg flyttar HT 2024\n\t\t\t\t\t\t\t\t\t<\/a>\n\t\t\t\t\t\t\t\t\t\t\t\t\t\t\t<\/h3>\n\t\t\t\t\t\t\n\t\t\t\t\t\t\t\t\t\t\t\t\t<p class=\"c-card__text l-stack-xs u-font-body\">\n\t\t\t\t\t\t\t\tVi flyttar till Tr\u00e4sl\u00f6vsv\u00e4gen 58 och bildar campus med LBS.\n\t\t\t\t\t\t\t<\/p>\n\t\t\t\t\t\t\n\t\t\t\t\t\t\t\t\t\t\t\t\t<ul class=\"c-card__tags l-stack-grow u-list-none u-pt-md\" aria-label=\"Kategorier\">\n\t\t\t\t\t\t\t\t\t\t\t\t\t\t\t\t\t<li><span class=\"c-tag\" data-variant=\"outline\">Nyheter<\/span><\/li>\n\t\t\t\t\t\t\t\t\t\t\t\t\t\t\t<\/ul>\n\t\t\t\t\t\t\n\t\t\t\t\t\t<div class=\"c-card__icon\">\n\t\t\t\t\t\t\t\t\t\t\t\t\t\t<svg class=\"ams-icon ams-icon--arrow-right\" width=\"32\" height=\"32\" viewbox=\"0 0 32 32\" fill=\"currentColor\" aria-hidden=\"true\" xmlns=\"http:\/\/www.w3.org\/2000\/svg\">\n\t\t\t\t\t\t\t\t\t\t\t\t\t\t\t\t<path d=\"M15.4617 0.252159L14.9567 0.75931C14.6219 1.09545 14.6219 1.64048 14.9567 1.97669L27.7062 14.7806H0.857144C0.383786 14.7806 0 15.166 0 15.6414V16.3587C0 16.8341 0.383786 17.2195 0.857144 17.2195H27.7062L14.9567 30.0234C14.6219 30.3595 14.6219 30.9045 14.9567 31.2407L15.4617 31.7479C15.7964 32.084 16.3392 32.084 16.6739 31.7479L31.749 16.6087C32.0837 16.2725 32.0837 15.7275 31.749 15.3913L16.6739 0.252159C16.3392 -0.084053 15.7964 -0.084053 15.4617 0.252159Z\"\/>\n\t\t\t\t\t\t\t\n\t\t\t\t\t\t\t<\/svg>\n\t\t\t\t\t\t<\/div>\n\t\t\t\t\t<\/div>\n\n\t\t\t\t\t<div class=\"c-card__media \" style=\" \">\n\t\t\t\t\t\t<img decoding=\"async\" width=\"400\" height=\"600\" src=\"https:\/\/drottningblanka.se\/wp-content\/uploads\/sites\/35\/2024\/05\/dbgygoteborg202403h8a6602-400x600.jpeg\" class=\"attachment-sm size-sm\" alt=\"Elever i en park\" sizes=\"(min-width: 64em) 300px, (min-width: 48em) calc(.50 * (100vw - 224px)), calc(100vw - 160px)\" srcset=\"https:\/\/drottningblanka.se\/wp-content\/uploads\/sites\/35\/2024\/05\/dbgygoteborg202403h8a6602-400x600.jpeg 400w, https:\/\/drottningblanka.se\/wp-content\/uploads\/sites\/35\/2024\/05\/dbgygoteborg202403h8a6602-300x450.jpeg 300w, https:\/\/drottningblanka.se\/wp-content\/uploads\/sites\/35\/2024\/05\/dbgygoteborg202403h8a6602-600x900.jpeg 600w, https:\/\/drottningblanka.se\/wp-content\/uploads\/sites\/35\/2024\/05\/dbgygoteborg202403h8a6602-800x1200.jpeg 800w, https:\/\/drottningblanka.se\/wp-content\/uploads\/sites\/35\/2024\/05\/dbgygoteborg202403h8a6602.jpeg 853w\" \/>\n\t\t\t\t\t<\/div>\n\t\t\t\t<\/article>\n\t\t\t<\/li>\n\t\t\t\t\t\t\t\t\t\t\t\t\t\t\t\t\t\n\t\t\t\n\t\t\t\n\t\t\t<li class=\"l-col-6@md l-col-4@lg \" data-filter=\"nyheter februari-2024\">\n\t\t\t\t<article class=\"c-card  has-media-zoom  \" data-variant=\"simple\" data-style=\"square\" data-click-area>\n\t\t\t\t\t<div class=\"c-card__content l-stack l-stack-sm\">\n\n\t\t\t\t\t\t\t\t\t\t\t\t\t<time class=\"c-card__date u-font-small\" datetime=\"2024-02-16\">16 februari 2024<\/time>\n\t\t\t\t\t\t\n\t\t\t\t\t\t\t\t\t\t\t\t\t<h3 class=\"c-card__title u-font-title-3\">\n\t\t\t\t\t\t\t\t\t\t\t\t\t\t\t\t\t<a class=\"c-card__link\" href=\"https:\/\/drottningblanka.se\/varberg\/nyheter\/drottning-blanka-och-lbs-bildar-gemensamt-gymnasiecampus-i-varberg-till-hosten\/\">\n\t\t\t\t\t\t\t\t\t\tDrottning Blanka och LBS bildar gemensam&#8230;\n\t\t\t\t\t\t\t\t\t<\/a>\n\t\t\t\t\t\t\t\t\t\t\t\t\t\t\t<\/h3>\n\t\t\t\t\t\t\n\t\t\t\t\t\t\t\t\t\t\t\t\t<p class=\"c-card__text l-stack-xs u-font-body\">\n\t\t\t\t\t\t\t\tInf\u00f6r h\u00f6stterminen 2024 kommer Drottning Blanka att flytta in till LBS skolbyggn&#8230;\n\t\t\t\t\t\t\t<\/p>\n\t\t\t\t\t\t\n\t\t\t\t\t\t\t\t\t\t\t\t\t<ul class=\"c-card__tags l-stack-grow u-list-none u-pt-md\" aria-label=\"Kategorier\">\n\t\t\t\t\t\t\t\t\t\t\t\t\t\t\t\t\t<li><span class=\"c-tag\" data-variant=\"outline\">Nyheter<\/span><\/li>\n\t\t\t\t\t\t\t\t\t\t\t\t\t\t\t<\/ul>\n\t\t\t\t\t\t\n\t\t\t\t\t\t<div class=\"c-card__icon\">\n\t\t\t\t\t\t\t\t\t\t\t\t\t\t<svg class=\"ams-icon ams-icon--arrow-right\" width=\"32\" height=\"32\" viewbox=\"0 0 32 32\" fill=\"currentColor\" aria-hidden=\"true\" xmlns=\"http:\/\/www.w3.org\/2000\/svg\">\n\t\t\t\t\t\t\t\t\t\t\t\t\t\t\t\t<path d=\"M15.4617 0.252159L14.9567 0.75931C14.6219 1.09545 14.6219 1.64048 14.9567 1.97669L27.7062 14.7806H0.857144C0.383786 14.7806 0 15.166 0 15.6414V16.3587C0 16.8341 0.383786 17.2195 0.857144 17.2195H27.7062L14.9567 30.0234C14.6219 30.3595 14.6219 30.9045 14.9567 31.2407L15.4617 31.7479C15.7964 32.084 16.3392 32.084 16.6739 31.7479L31.749 16.6087C32.0837 16.2725 32.0837 15.7275 31.749 15.3913L16.6739 0.252159C16.3392 -0.084053 15.7964 -0.084053 15.4617 0.252159Z\"\/>\n\t\t\t\t\t\t\t\n\t\t\t\t\t\t\t<\/svg>\n\t\t\t\t\t\t<\/div>\n\t\t\t\t\t<\/div>\n\n\t\t\t\t\t<div class=\"c-card__media \" style=\" \">\n\t\t\t\t\t\t<img decoding=\"async\" width=\"400\" height=\"267\" src=\"https:\/\/drottningblanka.se\/wp-content\/uploads\/sites\/35\/2024\/02\/813af727-5692-445c-8083-cc49f7a495fd-w960-e1708087487135-400x267.png\" class=\"attachment-sm size-sm\" alt=\"Drottning Blankas och LBS loggor tillsammans\" sizes=\"(min-width: 64em) 300px, (min-width: 48em) calc(.50 * (100vw - 224px)), calc(100vw - 160px)\" srcset=\"https:\/\/drottningblanka.se\/wp-content\/uploads\/sites\/35\/2024\/02\/813af727-5692-445c-8083-cc49f7a495fd-w960-e1708087487135-400x267.png 400w, https:\/\/drottningblanka.se\/wp-content\/uploads\/sites\/35\/2024\/02\/813af727-5692-445c-8083-cc49f7a495fd-w960-e1708087487135-300x200.png 300w, https:\/\/drottningblanka.se\/wp-content\/uploads\/sites\/35\/2024\/02\/813af727-5692-445c-8083-cc49f7a495fd-w960-e1708087487135-600x400.png 600w, https:\/\/drottningblanka.se\/wp-content\/uploads\/sites\/35\/2024\/02\/813af727-5692-445c-8083-cc49f7a495fd-w960-e1708087487135.png 720w\" \/>\n\t\t\t\t\t<\/div>\n\t\t\t\t<\/article>\n\t\t\t<\/li>\n\t\t\t<\/ul>\n\n\t<div class=\"no-results u-mt-0 u-hide\" data-filter-fallback-id=\"ams-article-list-69f566cb28834\">\n\t<p>Det finns inga resultat som matchar din filtrering.<\/p>\n<\/div>\n\n\t\n\n\t\t\n\t\t\t<div class=\"ams-article__action u-inline-items\">\n\t\t\t\t\t\t\t\n\n\n<a href=\"https:\/\/drottningblanka.se\/varberg\/nyheter\/\"\n\t\n\tclass=\"c-btn \"\n\tdata-style=\"round\"\n\tdata-size=\"md\"\n\tdata-width=\"full-mobile\"\n\tdata-variant=\"outline\"\n\ttarget=\"_self\">\n\t\t\t<span class=\"label\"> Se alla nyheter<\/span>\n\t\t\t<\/a>\n\t\t\t<\/div>\n\t<\/div>\n\n\t\t\n\n<\/section>\n","protected":false},"template":"","article_category":[6],"yoast_head":"<!-- This site is optimized with the Yoast SEO plugin v22.0 - https:\/\/yoast.com\/wordpress\/plugins\/seo\/ -->\n<title>Vi blir Varbergs Enskilda Gymnasieskola - Drottning Blanka Varberg<\/title>\n<meta name=\"description\" content=\"DBGY Varberg och LBS Varberg g\u00e5r samman och bildar ett nytt varum\u00e4rke \u2013 Varbergs Enskilda Gymnasieskola. En sp\u00e4nnande nystart HT 2025.\" \/>\n<meta name=\"robots\" content=\"index, follow, max-snippet:-1, max-image-preview:large, max-video-preview:-1\" \/>\n<link rel=\"canonical\" href=\"https:\/\/drottningblanka.se\/varberg\/nyheter\/vi-blir-varbergs-enskilda-gymnasieskola\/\" \/>\n<meta property=\"og:locale\" content=\"sv_SE\" \/>\n<meta property=\"og:type\" content=\"article\" \/>\n<meta property=\"og:title\" content=\"Vi blir Varbergs Enskilda Gymnasieskola - Drottning Blanka Varberg\" \/>\n<meta property=\"og:description\" content=\"DBGY Varberg och LBS Varberg g\u00e5r samman och bildar ett nytt varum\u00e4rke \u2013 Varbergs Enskilda Gymnasieskola. En sp\u00e4nnande nystart HT 2025.\" \/>\n<meta property=\"og:url\" content=\"https:\/\/drottningblanka.se\/varberg\/nyheter\/vi-blir-varbergs-enskilda-gymnasieskola\/\" \/>\n<meta property=\"og:site_name\" content=\"Varberg\" \/>\n<meta property=\"article:modified_time\" content=\"2025-08-20T10:40:38+00:00\" \/>\n<meta name=\"twitter:card\" content=\"summary_large_image\" \/>\n<meta name=\"twitter:title\" content=\"Vi blir Varbergs Enskilda Gymnasieskola - Drottning Blanka Varberg\" \/>\n<meta name=\"twitter:description\" content=\"DBGY Varberg och LBS Varberg g\u00e5r samman och bildar ett nytt varum\u00e4rke \u2013 Varbergs Enskilda Gymnasieskola. En sp\u00e4nnande nystart HT 2025.\" \/>\n<meta name=\"twitter:image\" content=\"https:\/\/drottningblanka.se\/wp-content\/uploads\/sites\/35\/2025\/04\/veg01.png\" \/>\n<meta name=\"twitter:label1\" content=\"Ber\u00e4knad l\u00e4stid\" \/>\n\t<meta name=\"twitter:data1\" content=\"3 minuter\" \/>\n<script type=\"application\/ld+json\" class=\"yoast-schema-graph\">{\"@context\":\"https:\/\/schema.org\",\"@graph\":[{\"@type\":\"WebPage\",\"@id\":\"https:\/\/drottningblanka.se\/varberg\/nyheter\/vi-blir-varbergs-enskilda-gymnasieskola\/\",\"url\":\"https:\/\/drottningblanka.se\/varberg\/nyheter\/vi-blir-varbergs-enskilda-gymnasieskola\/\",\"name\":\"Vi blir Varbergs Enskilda Gymnasieskola - Drottning Blanka Varberg\",\"isPartOf\":{\"@id\":\"https:\/\/drottningblanka.se\/varberg\/#website\"},\"datePublished\":\"2025-08-01T12:47:03+00:00\",\"dateModified\":\"2025-08-20T10:40:38+00:00\",\"description\":\"DBGY Varberg och LBS Varberg g\u00e5r samman och bildar ett nytt varum\u00e4rke \u2013 Varbergs Enskilda Gymnasieskola. En sp\u00e4nnande nystart HT 2025.\",\"breadcrumb\":{\"@id\":\"https:\/\/drottningblanka.se\/varberg\/nyheter\/vi-blir-varbergs-enskilda-gymnasieskola\/#breadcrumb\"},\"inLanguage\":\"sv-SE\",\"potentialAction\":[{\"@type\":\"ReadAction\",\"target\":[\"https:\/\/drottningblanka.se\/varberg\/nyheter\/vi-blir-varbergs-enskilda-gymnasieskola\/\"]}]},{\"@type\":\"BreadcrumbList\",\"@id\":\"https:\/\/drottningblanka.se\/varberg\/nyheter\/vi-blir-varbergs-enskilda-gymnasieskola\/#breadcrumb\",\"itemListElement\":[{\"@type\":\"ListItem\",\"position\":1,\"name\":\"Start\",\"item\":\"https:\/\/drottningblanka.se\/varberg\"},{\"@type\":\"ListItem\",\"position\":2,\"name\":\"Nyheter\"}]},{\"@type\":\"WebSite\",\"@id\":\"https:\/\/drottningblanka.se\/varberg\/#website\",\"url\":\"https:\/\/drottningblanka.se\/varberg\/\",\"name\":\"Varberg\",\"description\":\"En del av AcadeMedia\",\"potentialAction\":[{\"@type\":\"SearchAction\",\"target\":{\"@type\":\"EntryPoint\",\"urlTemplate\":\"https:\/\/drottningblanka.se\/varberg\/?s={search_term_string}\"},\"query-input\":\"required name=search_term_string\"}],\"inLanguage\":\"sv-SE\"}]}<\/script>\n<!-- \/ Yoast SEO plugin. -->","yoast_head_json":{"title":"Vi blir Varbergs Enskilda Gymnasieskola - Drottning Blanka Varberg","description":"DBGY Varberg och LBS Varberg g\u00e5r samman och bildar ett nytt varum\u00e4rke \u2013 Varbergs Enskilda Gymnasieskola. En sp\u00e4nnande nystart HT 2025.","robots":{"index":"index","follow":"follow","max-snippet":"max-snippet:-1","max-image-preview":"max-image-preview:large","max-video-preview":"max-video-preview:-1"},"canonical":"https:\/\/drottningblanka.se\/varberg\/nyheter\/vi-blir-varbergs-enskilda-gymnasieskola\/","og_locale":"sv_SE","og_type":"article","og_title":"Vi blir Varbergs Enskilda Gymnasieskola - Drottning Blanka Varberg","og_description":"DBGY Varberg och LBS Varberg g\u00e5r samman och bildar ett nytt varum\u00e4rke \u2013 Varbergs Enskilda Gymnasieskola. En sp\u00e4nnande nystart HT 2025.","og_url":"https:\/\/drottningblanka.se\/varberg\/nyheter\/vi-blir-varbergs-enskilda-gymnasieskola\/","og_site_name":"Varberg","article_modified_time":"2025-08-20T10:40:38+00:00","twitter_card":"summary_large_image","twitter_title":"Vi blir Varbergs Enskilda Gymnasieskola - Drottning Blanka Varberg","twitter_description":"DBGY Varberg och LBS Varberg g\u00e5r samman och bildar ett nytt varum\u00e4rke \u2013 Varbergs Enskilda Gymnasieskola. En sp\u00e4nnande nystart HT 2025.","twitter_image":"https:\/\/drottningblanka.se\/wp-content\/uploads\/sites\/35\/2025\/04\/veg01.png","twitter_misc":{"Ber\u00e4knad l\u00e4stid":"3 minuter"},"schema":{"@context":"https:\/\/schema.org","@graph":[{"@type":"WebPage","@id":"https:\/\/drottningblanka.se\/varberg\/nyheter\/vi-blir-varbergs-enskilda-gymnasieskola\/","url":"https:\/\/drottningblanka.se\/varberg\/nyheter\/vi-blir-varbergs-enskilda-gymnasieskola\/","name":"Vi blir Varbergs Enskilda Gymnasieskola - Drottning Blanka Varberg","isPartOf":{"@id":"https:\/\/drottningblanka.se\/varberg\/#website"},"datePublished":"2025-08-01T12:47:03+00:00","dateModified":"2025-08-20T10:40:38+00:00","description":"DBGY Varberg och LBS Varberg g\u00e5r samman och bildar ett nytt varum\u00e4rke \u2013 Varbergs Enskilda Gymnasieskola. En sp\u00e4nnande nystart HT 2025.","breadcrumb":{"@id":"https:\/\/drottningblanka.se\/varberg\/nyheter\/vi-blir-varbergs-enskilda-gymnasieskola\/#breadcrumb"},"inLanguage":"sv-SE","potentialAction":[{"@type":"ReadAction","target":["https:\/\/drottningblanka.se\/varberg\/nyheter\/vi-blir-varbergs-enskilda-gymnasieskola\/"]}]},{"@type":"BreadcrumbList","@id":"https:\/\/drottningblanka.se\/varberg\/nyheter\/vi-blir-varbergs-enskilda-gymnasieskola\/#breadcrumb","itemListElement":[{"@type":"ListItem","position":1,"name":"Start","item":"https:\/\/drottningblanka.se\/varberg"},{"@type":"ListItem","position":2,"name":"Nyheter"}]},{"@type":"WebSite","@id":"https:\/\/drottningblanka.se\/varberg\/#website","url":"https:\/\/drottningblanka.se\/varberg\/","name":"Varberg","description":"En del av AcadeMedia","potentialAction":[{"@type":"SearchAction","target":{"@type":"EntryPoint","urlTemplate":"https:\/\/drottningblanka.se\/varberg\/?s={search_term_string}"},"query-input":"required name=search_term_string"}],"inLanguage":"sv-SE"}]}},"_links":{"self":[{"href":"https:\/\/drottningblanka.se\/varberg\/wp-json\/wp\/v2\/article\/2195"}],"collection":[{"href":"https:\/\/drottningblanka.se\/varberg\/wp-json\/wp\/v2\/article"}],"about":[{"href":"https:\/\/drottningblanka.se\/varberg\/wp-json\/wp\/v2\/types\/article"}],"wp:attachment":[{"href":"https:\/\/drottningblanka.se\/varberg\/wp-json\/wp\/v2\/media?parent=2195"}],"wp:term":[{"taxonomy":"article_category","embeddable":true,"href":"https:\/\/drottningblanka.se\/varberg\/wp-json\/wp\/v2\/article_category?post=2195"}],"curies":[{"name":"wp","href":"https:\/\/api.w.org\/{rel}","templated":true}]}}