{"id":2655,"date":"2025-06-25T15:36:52","date_gmt":"2025-06-25T13:36:52","guid":{"rendered":"https:\/\/drottningblanka.se\/goteborg-operan\/?post_type=article&#038;p=2655"},"modified":"2026-02-02T14:51:43","modified_gmt":"2026-02-02T13:51:43","slug":"dbgy-operan-flyttar-sommaren-2025","status":"publish","type":"article","link":"https:\/\/drottningblanka.se\/goteborg-operan\/nyheter\/dbgy-operan-flyttar-sommaren-2025\/","title":{"rendered":"DBGY Operan flyttar sommaren 2025!"},"content":{"rendered":"\n<div class=\"wp-block-columns is-layout-flex wp-container-core-columns-layout-1 wp-block-columns-is-layout-flex\">\n<div class=\"wp-block-column is-layout-flow wp-block-column-is-layout-flow\" style=\"flex-basis:20%\"><\/div>\n\n\n\n<div class=\"wp-block-column is-layout-flow wp-block-column-is-layout-flow\" style=\"flex-basis:60%\">\t<div\n\t\t class=\"container images-module\" >\n\t\t<div class=\"row\">\n\t\t\t<div\n\t\t\t\t\tclass=\"col-12 p-0 position-relative images_module__slideshow images_module__slideshow-container \">\n\t\t\t\t<div class=\"images_module__slide\" data-slide=\"\"\n\t\t\t\t\t data-duration=\"\"><\/div>\n\t\t\t\t\t\t\t\t\t<div\n\t\t\t\t\t\t class=\"images_module__slides \">\n\n\n\t\t\t\t\t\t<div class=\"images__wrapper\" style=\"aspect-ratio: 1200 \/ 531;\">\n\t\t\t\t\t\t\t<img decoding=\"async\" width=\"1920\" height=\"1080\" src=\"https:\/\/drottningblanka.se\/wp-content\/uploads\/sites\/38\/2024\/11\/8-1.jpg\" class=\"images__image_ratio  \" alt=\"Matsal med vita bord och stolar\" style=\"aspect-ratio: 1200 \/ 531;object-position: center center;\" srcset=\"https:\/\/drottningblanka.se\/wp-content\/uploads\/sites\/38\/2024\/11\/8-1.jpg 1920w, https:\/\/drottningblanka.se\/wp-content\/uploads\/sites\/38\/2024\/11\/8-1-300x169.jpg 300w, https:\/\/drottningblanka.se\/wp-content\/uploads\/sites\/38\/2024\/11\/8-1-400x225.jpg 400w, https:\/\/drottningblanka.se\/wp-content\/uploads\/sites\/38\/2024\/11\/8-1-600x338.jpg 600w, https:\/\/drottningblanka.se\/wp-content\/uploads\/sites\/38\/2024\/11\/8-1-800x450.jpg 800w, https:\/\/drottningblanka.se\/wp-content\/uploads\/sites\/38\/2024\/11\/8-1-1024x576.jpg 1024w, https:\/\/drottningblanka.se\/wp-content\/uploads\/sites\/38\/2024\/11\/8-1-1200x675.jpg 1200w\" sizes=\"(max-width: 1920px) 100vw, 1920px\" \/>\t\t\t\t\t\t<\/div>\n\n\t\t\t\t\t\t\n\n\t\t\t\t\t\t\t\t\t\t\t<\/div>\n\t\t\t\t\n\t\t\t\t<div class=\"images_module__container_dot\">\n\t\t\t\t\t<div style=\"text-align:center\">\n\t\t\t\t\t\t\t\t\t\t\t\t\t<span   data-i=\"0\"\n\t\t\t\t\t\t\t\t  class=\"\n\t\t\t\t\t\t\timages_module__dot\n\t\t\t\t\t\t\t\t\t\t\t\t\t\t\"\n\t\t\t\t\t\t\t><\/span>\n\t\t\t\t\t\t\t\t\t\t\t<\/div>\n\t\t\t\t<\/div>\n\n\t\t\t<\/div>\n\t\t<\/div>\n\t<\/div>\n\t\n\n\n<script>\n\tvar images_display_descriptive_text = \"\";\n<\/script>\n\n\n\t\n\t<h1\n\t\n\tclass=\"\n\tc-heading c-heading--icon\n\tu-font-title-1\n\t\n\t\n\t\n\tc-heading--left\n\tc-heading--left@md\n\t\"\n\tdata-color-scheme=\"\"\n\tstyle=\"\">\n\t\t\t\t\t<span class=\"text\"> DBGY G\u00f6teborg Operan f\u00e5r nya lokaler i Karlastaden!<\/span>\n\t\t\t<\/h1>\n\n\n\n<p><strong>Inf\u00f6r h\u00f6stterminen 2025 sl\u00e5r Drottning Blankas Gymnasieskola G\u00f6teborg Operan upp d\u00f6rrarna till helt nybyggda lokaler i moderna Karlastaden.<\/strong><\/p>\n\n\n\n<h2 class=\"wp-block-heading\">G\u00f6teborgs modernaste gymnasieskola<\/h2>\n\n\n\n<p>I takt med att vi v\u00e4xer som skola \u00f6kar ocks\u00e5 behovet av fler klassrum, uppeh\u00e5llsytor och arbetsrum. \u00c4ntligen kan vi visa upp de nybyggda lokaler p\u00e5 Karlavagnsgatan 9 som vi till sommaren 2025 kan kalla f\u00f6r v\u00e5ra! <\/p>\n\n\n\n<div style=\"height:30px\" aria-hidden=\"true\" class=\"wp-block-spacer\"><\/div>\n\n\n\n<p class=\"has-text-align-center has-sm-font-size\"><em><strong>&#8221;Med stor f\u00f6rv\u00e4ntan ser vi fram emot flytten till Karlastaden \u2013 det \u00e4r mer \u00e4n bara en adress\u00e4ndring; det \u00e4r en resa in i framtidens stadspuls, d\u00e4r modern arkitektur m\u00f6ter gemenskap och \u00f6ppnar d\u00f6rrar till nya m\u00f6jligheter.&#8221;<\/strong><\/em><\/p>\n\n\n\n<p class=\"has-text-align-center\">Mona Fallenhag<br>Rektor<\/p>\n\n\n\n<div style=\"height:30px\" aria-hidden=\"true\" class=\"wp-block-spacer\"><\/div>\n\n\n\n<p>F\u00f6r\u00e4ndringen inneb\u00e4r att vi ut\u00f6kar med \u00f6ver 300 kvadrstmeter f\u00f6rdelat p\u00e5 tre v\u00e5ningsplan, med sv\u00e5rslagen utsikt \u00f6ver G\u00f6teborg. Just nu \u00e4r vi i full g\u00e5ng med att l\u00e4gga de sista detaljerna i bygget av G\u00f6teborgs mest moderna gymnasieskola. F\u00f6r att ge en f\u00f6rsmak kan vi redan nu dela med oss av n\u00e5gra av v\u00e5ra skisser.<\/p>\n\n\n\n<div style=\"height:30px\" aria-hidden=\"true\" class=\"wp-block-spacer\"><\/div>\n\n\n\n\t<style>\n\t\t.inner {\n\n\t\t\tmargin: 0 auto;\n\n\n\t\t}\n\t<\/style>\n\t<div\n\t\t class=\"container images-module\" >\n\t\t<div class=\"row images_module__slideshow\">\n\n\t\t\t<div\n\t\t\t\t\tclass=\"col-md-12 p-0 position-relative images_module__slideshow images_module__slideshow-container  \">\n\t\t\t\t<div class=\"images_module__slide\" data-slide=\"\"\n\t\t\t\t\t data-duration=\"\"><\/div>\n\t\t\t\t\t\t\t\t\t<div\n\t\t\t\t\t\t class=\"images_module__slides\n\n\t\t\t\t\t   \"\n\t\t\t\t\t>\n\n\t\t\t\t\t\t<div class=\"images__wrapper\" style=\"aspect-ratio: 851 \/ 851;\">\n\t\t\t\t\t\t\t<img decoding=\"async\" width=\"1706\" height=\"1834\" src=\"https:\/\/drottningblanka.se\/wp-content\/uploads\/sites\/38\/2024\/11\/capellab5a3984-scaled-e1733231785281.jpg\" class=\"images__image_ratio  \" alt=\"Ett gr\u00e5tt och ett vitt h\u00f6ghus med m\u00e5nga f\u00f6nster\" style=\"aspect-ratio: 851 \/ 851;object-position: center center;\" srcset=\"https:\/\/drottningblanka.se\/wp-content\/uploads\/sites\/38\/2024\/11\/capellab5a3984-scaled-e1733231785281.jpg 1706w, https:\/\/drottningblanka.se\/wp-content\/uploads\/sites\/38\/2024\/11\/capellab5a3984-scaled-e1733231785281-300x323.jpg 300w, https:\/\/drottningblanka.se\/wp-content\/uploads\/sites\/38\/2024\/11\/capellab5a3984-scaled-e1733231785281-400x430.jpg 400w, https:\/\/drottningblanka.se\/wp-content\/uploads\/sites\/38\/2024\/11\/capellab5a3984-scaled-e1733231785281-600x645.jpg 600w, https:\/\/drottningblanka.se\/wp-content\/uploads\/sites\/38\/2024\/11\/capellab5a3984-scaled-e1733231785281-800x860.jpg 800w, https:\/\/drottningblanka.se\/wp-content\/uploads\/sites\/38\/2024\/11\/capellab5a3984-scaled-e1733231785281-1024x1101.jpg 1024w, https:\/\/drottningblanka.se\/wp-content\/uploads\/sites\/38\/2024\/11\/capellab5a3984-scaled-e1733231785281-1200x1290.jpg 1200w\" sizes=\"(max-width: 1706px) 100vw, 1706px\" \/>\t\t\t\t\t\t<\/div>\n\t\t\t\t\t\t\n\n\t\t\t\t\t\t\t\t\t\t\t<\/div>\n\t\t\t\t\n\t\t\t\t<div class=\"images_module__container_dot\">\n\t\t\t\t\t<div style=\"text-align:center\">\n\n\n\t\t\t\t\t\t\t\t\t\t\t\t\t<span   data-i=\"0\"\n\t\t\t\t\t\t\t\t  class=\"\n\t\t\t\t\t\t\timages_module__dot\n\t\t\t\t\t\t\t\t\t\t\t\t\t\t\"\n\t\t\t\t\t\t\t><\/span>\n\t\t\t\t\t\t\t\t\t\t\t<\/div>\n\t\t\t\t<\/div>\n\n\n\t\t\t<\/div>\n\t\t<\/div>\n\t<\/div>\n\n\t\n\n\n<script>\n\tvar images_display_descriptive_text = \"\";\n<\/script>\n\n\n\n<h2 class=\"wp-block-heading\">Karlastaden v\u00e4xer<\/h2>\n\n\n\n<p>Just nu byggs det f\u00f6r fullt i Karlastaden och du som elev kommer ha n\u00e4ra till b\u00e5de gym, butiker, eventlokaler och h\u00f6gre utbildning. I slutet av 2025 kommer \u00e4ven sp\u00e5rvagnen b\u00f6rja rulla precis utanf\u00f6r skolan, vilket optimerar pendlingen f\u00f6r hela G\u00f6teborg!<\/p>\n\n\n\n<h3 class=\"wp-block-heading\">H\u00e5ll utkik i v\u00e5ra sociala medier f\u00f6r fler nyheter:<\/h3>\n\n\n\n<ul>\n<li>TikTok \u2013 @dbgy.operan<\/li>\n\n\n\n<li>Instagram \u2013 @dbgyoperan<\/li>\n<\/ul>\n<\/div>\n\n\n\n<div class=\"wp-block-column is-layout-flow wp-block-column-is-layout-flow\" style=\"flex-basis:20%\"><\/div>\n<\/div>\n\n\n\n\n<section  class=\"ams-image-gallery ams-image-gallery--mosaic c-block l-stacked\">\n\t<div class=\"l-container-narrow l-stack l-stack-fluid-2xl u-pt-fluid-3xl-6xl u-pb-fluid-3xl-6xl is-center is-center@md\">\n\t\t\t\t\t<div class=\"ams-image-gallery__intro l-stack l-stack-lg\">\n\t\t\t\t\t\n\t<h2\n\tclass=\"c-heading u-font-title-1 \"\n\tstyle=\"\">\n\t\t\n\t\t\t\t\tSneak peek av v\u00e5r nya skola\n\t\t\t\t\n\t<\/h2>\n\n\t\t\t\t\t\t\t<\/div>\n\t\t\n\t\t\t<div class=\"c-gallery\" data-variant=\"mosaic\">\n\t\t<ul class=\"c-gallery__items u-list-none swiper-wrapper\" aria-label=\"Bildgalleri\">\n\t\t\t\t\t\t\t\t\t\t\t\t<li class=\"c-gallery__item swiper-slide\">\n\t\t\t\t\t\t\t\t\t\t\t\t<a href=\"https:\/\/drottningblanka.se\/wp-content\/uploads\/sites\/38\/2024\/11\/9-1-1024x576.jpg\" aria-label=\"\u00d6ppna bildgalleri lightbox\" class=\"c-gallery__link\" data-lightbox data-gallery=\"id-601373157\">\n\t\t\t\t\t\t\t<img decoding=\"async\" width=\"600\" height=\"338\" src=\"https:\/\/drottningblanka.se\/wp-content\/uploads\/sites\/38\/2024\/11\/9-1-600x338.jpg\" class=\"attachment-md size-md\" alt=\"Uppeh\u00e5llsrum med bord och stolar\" sizes=\"(min-width: 48em) 600px, calc(100vw - 160px)\" srcset=\"https:\/\/drottningblanka.se\/wp-content\/uploads\/sites\/38\/2024\/11\/9-1-600x338.jpg 600w, https:\/\/drottningblanka.se\/wp-content\/uploads\/sites\/38\/2024\/11\/9-1-300x169.jpg 300w, https:\/\/drottningblanka.se\/wp-content\/uploads\/sites\/38\/2024\/11\/9-1-400x225.jpg 400w, https:\/\/drottningblanka.se\/wp-content\/uploads\/sites\/38\/2024\/11\/9-1-800x450.jpg 800w, https:\/\/drottningblanka.se\/wp-content\/uploads\/sites\/38\/2024\/11\/9-1-1024x576.jpg 1024w, https:\/\/drottningblanka.se\/wp-content\/uploads\/sites\/38\/2024\/11\/9-1-1200x675.jpg 1200w, https:\/\/drottningblanka.se\/wp-content\/uploads\/sites\/38\/2024\/11\/9-1.jpg 1920w\" \/>\n\t\t\t\t\t\t<\/a>\n\t\t\t\t\t<\/li>\n\t\t\t\t\t\t\t\t\t<li class=\"c-gallery__item swiper-slide\">\n\t\t\t\t\t\t\t\t\t\t\t\t<a href=\"https:\/\/drottningblanka.se\/wp-content\/uploads\/sites\/38\/2024\/11\/13-1-1024x762.jpg\" aria-label=\"\u00d6ppna bildgalleri lightbox\" class=\"c-gallery__link\" data-lightbox data-gallery=\"id-601373157\">\n\t\t\t\t\t\t\t<img decoding=\"async\" width=\"600\" height=\"446\" src=\"https:\/\/drottningblanka.se\/wp-content\/uploads\/sites\/38\/2024\/11\/13-1-600x446.jpg\" class=\"attachment-md size-md\" alt=\"Skolbibliotek med bokhylla fylld med b\u00f6cker\" sizes=\"(min-width: 48em) 600px, calc(100vw - 160px)\" srcset=\"https:\/\/drottningblanka.se\/wp-content\/uploads\/sites\/38\/2024\/11\/13-1-600x446.jpg 600w, https:\/\/drottningblanka.se\/wp-content\/uploads\/sites\/38\/2024\/11\/13-1-300x223.jpg 300w, https:\/\/drottningblanka.se\/wp-content\/uploads\/sites\/38\/2024\/11\/13-1-400x298.jpg 400w, https:\/\/drottningblanka.se\/wp-content\/uploads\/sites\/38\/2024\/11\/13-1-800x595.jpg 800w, https:\/\/drottningblanka.se\/wp-content\/uploads\/sites\/38\/2024\/11\/13-1-1024x762.jpg 1024w, https:\/\/drottningblanka.se\/wp-content\/uploads\/sites\/38\/2024\/11\/13-1-1200x893.jpg 1200w, https:\/\/drottningblanka.se\/wp-content\/uploads\/sites\/38\/2024\/11\/13-1.jpg 1355w\" \/>\n\t\t\t\t\t\t<\/a>\n\t\t\t\t\t<\/li>\n\t\t\t\t\t\t\t\t\t<li class=\"c-gallery__item swiper-slide\">\n\t\t\t\t\t\t\t\t\t\t\t\t<a href=\"https:\/\/drottningblanka.se\/wp-content\/uploads\/sites\/38\/2024\/11\/14-1-1024x576.jpg\" aria-label=\"\u00d6ppna bildgalleri lightbox\" class=\"c-gallery__link\" data-lightbox data-gallery=\"id-601373157\">\n\t\t\t\t\t\t\t<img decoding=\"async\" width=\"600\" height=\"338\" src=\"https:\/\/drottningblanka.se\/wp-content\/uploads\/sites\/38\/2024\/11\/14-1-600x338.jpg\" class=\"attachment-md size-md\" alt=\"Rum med h\u00f6ga bord och bl\u00e5 stolar\" sizes=\"(min-width: 48em) 600px, calc(100vw - 160px)\" srcset=\"https:\/\/drottningblanka.se\/wp-content\/uploads\/sites\/38\/2024\/11\/14-1-600x338.jpg 600w, https:\/\/drottningblanka.se\/wp-content\/uploads\/sites\/38\/2024\/11\/14-1-300x169.jpg 300w, https:\/\/drottningblanka.se\/wp-content\/uploads\/sites\/38\/2024\/11\/14-1-400x225.jpg 400w, https:\/\/drottningblanka.se\/wp-content\/uploads\/sites\/38\/2024\/11\/14-1-800x450.jpg 800w, https:\/\/drottningblanka.se\/wp-content\/uploads\/sites\/38\/2024\/11\/14-1-1024x576.jpg 1024w, https:\/\/drottningblanka.se\/wp-content\/uploads\/sites\/38\/2024\/11\/14-1-1200x675.jpg 1200w, https:\/\/drottningblanka.se\/wp-content\/uploads\/sites\/38\/2024\/11\/14-1.jpg 1920w\" \/>\n\t\t\t\t\t\t<\/a>\n\t\t\t\t\t<\/li>\n\t\t\t\t\t\t\t\t\t<li class=\"c-gallery__item swiper-slide\">\n\t\t\t\t\t\t\t\t\t\t\t\t<a href=\"https:\/\/drottningblanka.se\/wp-content\/uploads\/sites\/38\/2024\/11\/4-1-1024x504.jpg\" aria-label=\"\u00d6ppna bildgalleri lightbox\" class=\"c-gallery__link\" data-lightbox data-gallery=\"id-601373157\">\n\t\t\t\t\t\t\t<img decoding=\"async\" width=\"600\" height=\"295\" src=\"https:\/\/drottningblanka.se\/wp-content\/uploads\/sites\/38\/2024\/11\/4-1-600x295.jpg\" class=\"attachment-md size-md\" alt=\"Klassrum med vita b\u00e4nkar och stolar\" sizes=\"(min-width: 48em) 600px, calc(100vw - 160px)\" srcset=\"https:\/\/drottningblanka.se\/wp-content\/uploads\/sites\/38\/2024\/11\/4-1-600x295.jpg 600w, https:\/\/drottningblanka.se\/wp-content\/uploads\/sites\/38\/2024\/11\/4-1-300x148.jpg 300w, https:\/\/drottningblanka.se\/wp-content\/uploads\/sites\/38\/2024\/11\/4-1-400x197.jpg 400w, https:\/\/drottningblanka.se\/wp-content\/uploads\/sites\/38\/2024\/11\/4-1-800x394.jpg 800w, https:\/\/drottningblanka.se\/wp-content\/uploads\/sites\/38\/2024\/11\/4-1-1024x504.jpg 1024w, https:\/\/drottningblanka.se\/wp-content\/uploads\/sites\/38\/2024\/11\/4-1-1200x591.jpg 1200w, https:\/\/drottningblanka.se\/wp-content\/uploads\/sites\/38\/2024\/11\/4-1.jpg 1846w\" \/>\n\t\t\t\t\t\t<\/a>\n\t\t\t\t\t<\/li>\n\t\t\t\t\t\t\t\t\t<li class=\"c-gallery__item swiper-slide\">\n\t\t\t\t\t\t\t\t\t\t\t\t<a href=\"https:\/\/drottningblanka.se\/wp-content\/uploads\/sites\/38\/2024\/11\/15-1-1024x576.jpg\" aria-label=\"\u00d6ppna bildgalleri lightbox\" class=\"c-gallery__link\" data-lightbox data-gallery=\"id-601373157\">\n\t\t\t\t\t\t\t<img decoding=\"async\" width=\"600\" height=\"338\" src=\"https:\/\/drottningblanka.se\/wp-content\/uploads\/sites\/38\/2024\/11\/15-1-600x338.jpg\" class=\"attachment-md size-md\" alt=\"Rum med h\u00f6ga bord och bl\u00e5 stolar\" sizes=\"(min-width: 48em) 600px, calc(100vw - 160px)\" srcset=\"https:\/\/drottningblanka.se\/wp-content\/uploads\/sites\/38\/2024\/11\/15-1-600x338.jpg 600w, https:\/\/drottningblanka.se\/wp-content\/uploads\/sites\/38\/2024\/11\/15-1-300x169.jpg 300w, https:\/\/drottningblanka.se\/wp-content\/uploads\/sites\/38\/2024\/11\/15-1-400x225.jpg 400w, https:\/\/drottningblanka.se\/wp-content\/uploads\/sites\/38\/2024\/11\/15-1-800x450.jpg 800w, https:\/\/drottningblanka.se\/wp-content\/uploads\/sites\/38\/2024\/11\/15-1-1024x576.jpg 1024w, https:\/\/drottningblanka.se\/wp-content\/uploads\/sites\/38\/2024\/11\/15-1-1200x675.jpg 1200w, https:\/\/drottningblanka.se\/wp-content\/uploads\/sites\/38\/2024\/11\/15-1.jpg 1920w\" \/>\n\t\t\t\t\t\t<\/a>\n\t\t\t\t\t<\/li>\n\t\t\t\t\t\t\t\t\t<li class=\"c-gallery__item swiper-slide\">\n\t\t\t\t\t\t\t\t\t\t\t\t<a href=\"https:\/\/drottningblanka.se\/wp-content\/uploads\/sites\/38\/2024\/11\/23-1-1024x576.jpg\" aria-label=\"\u00d6ppna bildgalleri lightbox\" class=\"c-gallery__link\" data-lightbox data-gallery=\"id-601373157\">\n\t\t\t\t\t\t\t<img decoding=\"async\" width=\"600\" height=\"338\" src=\"https:\/\/drottningblanka.se\/wp-content\/uploads\/sites\/38\/2024\/11\/23-1-600x338.jpg\" class=\"attachment-md size-md\" alt=\"Stor korridor med bl\u00e5 soffor och gr\u00e5a sk\u00e5p\" sizes=\"(min-width: 48em) 600px, calc(100vw - 160px)\" srcset=\"https:\/\/drottningblanka.se\/wp-content\/uploads\/sites\/38\/2024\/11\/23-1-600x338.jpg 600w, https:\/\/drottningblanka.se\/wp-content\/uploads\/sites\/38\/2024\/11\/23-1-300x169.jpg 300w, https:\/\/drottningblanka.se\/wp-content\/uploads\/sites\/38\/2024\/11\/23-1-400x225.jpg 400w, https:\/\/drottningblanka.se\/wp-content\/uploads\/sites\/38\/2024\/11\/23-1-800x450.jpg 800w, https:\/\/drottningblanka.se\/wp-content\/uploads\/sites\/38\/2024\/11\/23-1-1024x576.jpg 1024w, https:\/\/drottningblanka.se\/wp-content\/uploads\/sites\/38\/2024\/11\/23-1-1200x675.jpg 1200w, https:\/\/drottningblanka.se\/wp-content\/uploads\/sites\/38\/2024\/11\/23-1.jpg 1920w\" \/>\n\t\t\t\t\t\t<\/a>\n\t\t\t\t\t<\/li>\n\t\t\t\t\t\t\t\t\t<\/ul>\n\n\t\t<div class=\"c-gallery__meta\">\n\t\t\t<div class=\"c-gallery__num u-font-small\"><\/div>\n\t\t\t<div class=\"c-gallery__nav\">\n\t\t\t\t<button class=\"prev c-btn\" aria-label=\"Previous\">\n\t\t\t\t\t<svg class=\"ams-icon ams-icon--arrow-left-small\" viewBox=\"0 0 32 32\" fill=\"currentColor\" aria-hidden=\"true\" xmlns=\"http:\/\/www.w3.org\/2000\/svg\">\n\t\t\t\t\t\t<path d=\"M5.26 16.43L12.12 23.29C12.35 23.52 12.74 23.52 12.97 23.29L13.53 22.73C13.76 22.5 13.76 22.11 13.53 21.88L8.66 17.01L26.4 17.01C26.73 17.01 27 16.74 27 16.41L27 15.61C27 15.28 26.73 15.01 26.4 15.01L8.67 15.01L13.54 10.14C13.77 9.90999 13.77 9.51999 13.54 9.28999L12.98 8.72999C12.75 8.49999 12.36 8.49999 12.13 8.72999L5.27 15.59C5.04 15.82 5.04 16.21 5.27 16.44L5.26 16.43Z\"\/>\n\t\t\t\t\t<\/svg>\n\t\t\t\t<\/button>\n\t\t\t\t<button class=\"next c-btn\" aria-label=\"Next\">\n\t\t\t\t\t<svg class=\"ams-icon ams-icon--arrow-right-small\" viewBox=\"0 0 32 32\" fill=\"currentColor\" aria-hidden=\"true\" xmlns=\"http:\/\/www.w3.org\/2000\/svg\">\n\t\t\t\t\t\t<path d=\"M26.74 15.57L19.88 8.71001C19.65 8.48001 19.26 8.48001 19.03 8.71001L18.47 9.27001C18.24 9.50001 18.24 9.89001 18.47 10.12L23.34 14.99H5.6C5.27 14.99 5 15.26 5 15.59V16.39C5 16.72 5.27 16.99 5.6 16.99H23.33L18.46 21.86C18.23 22.09 18.23 22.48 18.46 22.71L19.02 23.27C19.25 23.5 19.64 23.5 19.87 23.27L26.73 16.41C26.96 16.18 26.96 15.79 26.73 15.56L26.74 15.57Z\"\/>\n\t\t\t\t\t<\/svg>\n\t\t\t\t<\/button>\n\t\t\t<\/div>\n\t\t<\/div>\n\t<\/div>\n\n\t\t\t<\/div>\n\n\t\t\n\n<\/section>\n","protected":false},"template":"","article_category":[6],"yoast_head":"<!-- This site is optimized with the Yoast SEO plugin v22.0 - https:\/\/yoast.com\/wordpress\/plugins\/seo\/ -->\n<title>G\u00f6teborg Operan<\/title>\n<meta name=\"description\" content=\"H\u00f6stterminen 2025 sl\u00e5r Drottning Blankas Gymnasieskola G\u00f6teborg Operan upp d\u00f6rrarna till helt nybyggda lokaler i moderna Karlastaden.\" \/>\n<meta name=\"robots\" content=\"index, follow, max-snippet:-1, max-image-preview:large, max-video-preview:-1\" \/>\n<link rel=\"canonical\" href=\"https:\/\/drottningblanka.se\/goteborg-operan\/nyheter\/dbgy-operan-flyttar-sommaren-2025\/\" \/>\n<meta property=\"og:locale\" content=\"sv_SE\" \/>\n<meta property=\"og:type\" content=\"article\" \/>\n<meta property=\"og:description\" content=\"H\u00f6stterminen 2025 sl\u00e5r Drottning Blankas Gymnasieskola G\u00f6teborg Operan upp d\u00f6rrarna till helt nybyggda lokaler i moderna Karlastaden.\" \/>\n<meta property=\"og:url\" content=\"https:\/\/drottningblanka.se\/goteborg-operan\/nyheter\/dbgy-operan-flyttar-sommaren-2025\/\" \/>\n<meta property=\"og:site_name\" content=\"G\u00f6teborg Operan\" \/>\n<meta property=\"article:modified_time\" content=\"2026-02-02T13:51:43+00:00\" \/>\n<meta name=\"twitter:card\" content=\"summary_large_image\" \/>\n<meta name=\"twitter:description\" content=\"H\u00f6stterminen 2025 sl\u00e5r Drottning Blankas Gymnasieskola G\u00f6teborg Operan upp d\u00f6rrarna till helt nybyggda lokaler i moderna Karlastaden.\" \/>\n<meta name=\"twitter:image\" content=\"https:\/\/drottningblanka.se\/wp-content\/uploads\/sites\/38\/2024\/11\/8-1-1200x630.jpg\" \/>\n<meta name=\"twitter:label1\" content=\"Ber\u00e4knad l\u00e4stid\" \/>\n\t<meta name=\"twitter:data1\" content=\"4 minuter\" \/>\n<script type=\"application\/ld+json\" class=\"yoast-schema-graph\">{\"@context\":\"https:\/\/schema.org\",\"@graph\":[{\"@type\":\"WebPage\",\"@id\":\"https:\/\/drottningblanka.se\/goteborg-operan\/nyheter\/dbgy-operan-flyttar-sommaren-2025\/\",\"url\":\"https:\/\/drottningblanka.se\/goteborg-operan\/nyheter\/dbgy-operan-flyttar-sommaren-2025\/\",\"name\":\"DBGY Operan flyttar sommaren 2025! - G\u00f6teborg Operan\",\"isPartOf\":{\"@id\":\"https:\/\/drottningblanka.se\/goteborg-operan\/#website\"},\"datePublished\":\"2025-06-25T13:36:52+00:00\",\"dateModified\":\"2026-02-02T13:51:43+00:00\",\"description\":\"H\u00f6stterminen 2025 sl\u00e5r Drottning Blankas Gymnasieskola G\u00f6teborg Operan upp d\u00f6rrarna till helt nybyggda lokaler i moderna Karlastaden.\",\"breadcrumb\":{\"@id\":\"https:\/\/drottningblanka.se\/goteborg-operan\/nyheter\/dbgy-operan-flyttar-sommaren-2025\/#breadcrumb\"},\"inLanguage\":\"sv-SE\",\"potentialAction\":[{\"@type\":\"ReadAction\",\"target\":[\"https:\/\/drottningblanka.se\/goteborg-operan\/nyheter\/dbgy-operan-flyttar-sommaren-2025\/\"]}]},{\"@type\":\"BreadcrumbList\",\"@id\":\"https:\/\/drottningblanka.se\/goteborg-operan\/nyheter\/dbgy-operan-flyttar-sommaren-2025\/#breadcrumb\",\"itemListElement\":[{\"@type\":\"ListItem\",\"position\":1,\"name\":\"Start\",\"item\":\"https:\/\/drottningblanka.se\/goteborg-operan\"},{\"@type\":\"ListItem\",\"position\":2,\"name\":\"Nyheter\"}]},{\"@type\":\"WebSite\",\"@id\":\"https:\/\/drottningblanka.se\/goteborg-operan\/#website\",\"url\":\"https:\/\/drottningblanka.se\/goteborg-operan\/\",\"name\":\"G\u00f6teborg Operan\",\"description\":\"En del av AcadeMedia\",\"potentialAction\":[{\"@type\":\"SearchAction\",\"target\":{\"@type\":\"EntryPoint\",\"urlTemplate\":\"https:\/\/drottningblanka.se\/goteborg-operan\/?s={search_term_string}\"},\"query-input\":\"required name=search_term_string\"}],\"inLanguage\":\"sv-SE\"}]}<\/script>\n<!-- \/ Yoast SEO plugin. -->","yoast_head_json":{"title":"G\u00f6teborg Operan","description":"H\u00f6stterminen 2025 sl\u00e5r Drottning Blankas Gymnasieskola G\u00f6teborg Operan upp d\u00f6rrarna till helt nybyggda lokaler i moderna Karlastaden.","robots":{"index":"index","follow":"follow","max-snippet":"max-snippet:-1","max-image-preview":"max-image-preview:large","max-video-preview":"max-video-preview:-1"},"canonical":"https:\/\/drottningblanka.se\/goteborg-operan\/nyheter\/dbgy-operan-flyttar-sommaren-2025\/","og_locale":"sv_SE","og_type":"article","og_description":"H\u00f6stterminen 2025 sl\u00e5r Drottning Blankas Gymnasieskola G\u00f6teborg Operan upp d\u00f6rrarna till helt nybyggda lokaler i moderna Karlastaden.","og_url":"https:\/\/drottningblanka.se\/goteborg-operan\/nyheter\/dbgy-operan-flyttar-sommaren-2025\/","og_site_name":"G\u00f6teborg Operan","article_modified_time":"2026-02-02T13:51:43+00:00","twitter_card":"summary_large_image","twitter_description":"H\u00f6stterminen 2025 sl\u00e5r Drottning Blankas Gymnasieskola G\u00f6teborg Operan upp d\u00f6rrarna till helt nybyggda lokaler i moderna Karlastaden.","twitter_image":"https:\/\/drottningblanka.se\/wp-content\/uploads\/sites\/38\/2024\/11\/8-1-1200x630.jpg","twitter_misc":{"Ber\u00e4knad l\u00e4stid":"4 minuter"},"schema":{"@context":"https:\/\/schema.org","@graph":[{"@type":"WebPage","@id":"https:\/\/drottningblanka.se\/goteborg-operan\/nyheter\/dbgy-operan-flyttar-sommaren-2025\/","url":"https:\/\/drottningblanka.se\/goteborg-operan\/nyheter\/dbgy-operan-flyttar-sommaren-2025\/","name":"DBGY Operan flyttar sommaren 2025! - G\u00f6teborg Operan","isPartOf":{"@id":"https:\/\/drottningblanka.se\/goteborg-operan\/#website"},"datePublished":"2025-06-25T13:36:52+00:00","dateModified":"2026-02-02T13:51:43+00:00","description":"H\u00f6stterminen 2025 sl\u00e5r Drottning Blankas Gymnasieskola G\u00f6teborg Operan upp d\u00f6rrarna till helt nybyggda lokaler i moderna Karlastaden.","breadcrumb":{"@id":"https:\/\/drottningblanka.se\/goteborg-operan\/nyheter\/dbgy-operan-flyttar-sommaren-2025\/#breadcrumb"},"inLanguage":"sv-SE","potentialAction":[{"@type":"ReadAction","target":["https:\/\/drottningblanka.se\/goteborg-operan\/nyheter\/dbgy-operan-flyttar-sommaren-2025\/"]}]},{"@type":"BreadcrumbList","@id":"https:\/\/drottningblanka.se\/goteborg-operan\/nyheter\/dbgy-operan-flyttar-sommaren-2025\/#breadcrumb","itemListElement":[{"@type":"ListItem","position":1,"name":"Start","item":"https:\/\/drottningblanka.se\/goteborg-operan"},{"@type":"ListItem","position":2,"name":"Nyheter"}]},{"@type":"WebSite","@id":"https:\/\/drottningblanka.se\/goteborg-operan\/#website","url":"https:\/\/drottningblanka.se\/goteborg-operan\/","name":"G\u00f6teborg Operan","description":"En del av AcadeMedia","potentialAction":[{"@type":"SearchAction","target":{"@type":"EntryPoint","urlTemplate":"https:\/\/drottningblanka.se\/goteborg-operan\/?s={search_term_string}"},"query-input":"required name=search_term_string"}],"inLanguage":"sv-SE"}]}},"_links":{"self":[{"href":"https:\/\/drottningblanka.se\/goteborg-operan\/wp-json\/wp\/v2\/article\/2655"}],"collection":[{"href":"https:\/\/drottningblanka.se\/goteborg-operan\/wp-json\/wp\/v2\/article"}],"about":[{"href":"https:\/\/drottningblanka.se\/goteborg-operan\/wp-json\/wp\/v2\/types\/article"}],"wp:attachment":[{"href":"https:\/\/drottningblanka.se\/goteborg-operan\/wp-json\/wp\/v2\/media?parent=2655"}],"wp:term":[{"taxonomy":"article_category","embeddable":true,"href":"https:\/\/drottningblanka.se\/goteborg-operan\/wp-json\/wp\/v2\/article_category?post=2655"}],"curies":[{"name":"wp","href":"https:\/\/api.w.org\/{rel}","templated":true}]}}